{"id":89,"date":"2020-03-18T19:24:00","date_gmt":"2020-03-18T18:24:00","guid":{"rendered":"https:\/\/www.bernique.fr\/IGS\/?p=89"},"modified":"2020-03-18T19:27:05","modified_gmt":"2020-03-18T18:27:05","slug":"phare-maritime-a-eclat-programmable","status":"publish","type":"post","link":"https:\/\/www.bernique.fr\/IGS\/phare-maritime-a-eclat-programmable\/","title":{"rendered":"Phare maritime \u00e0 \u00e9clat programmable"},"content":{"rendered":"\n<p class=\"has-drop-cap\">Profitant de l\u2019occasion offerte par l\u2019anniversaire d\u2019un enfant, j\u2019avais r\u00e9alis\u00e9 une miniature d\u2019un phare maritime, sur la base d\u2019un corps en carton et d\u2019une led qui clignotait selon un sch\u00e9ma pr\u00e9d\u00e9termin\u00e9, le tout pilot\u00e9 par un petit \u00b5-processeur.<\/p>\n\n\n\n<p>Bref, le truc qui ne sert \u00e0 rien mais que j\u2019ai remis au go\u00fbt du jour en gardant l\u2019\u00e9lectronique et en revisitant la structure du phare d\u00e9sormais imprim\u00e9e en 3D sur mon iTopie maison.<\/p>\n\n\n\n<div class=\"wp-block-image\"><figure class=\"aligncenter size-large is-resized\"><img loading=\"lazy\" decoding=\"async\" src=\"https:\/\/www.bernique.fr\/IGS\/wp-content\/uploads\/2020\/03\/phareT-rotated.jpg\" alt=\"\" class=\"wp-image-163\" width=\"391\" height=\"521\" srcset=\"https:\/\/www.bernique.fr\/IGS\/wp-content\/uploads\/2020\/03\/phareT-rotated.jpg 480w, https:\/\/www.bernique.fr\/IGS\/wp-content\/uploads\/2020\/03\/phareT-225x300.jpg 225w\" sizes=\"auto, (max-width: 391px) 100vw, 391px\" \/><figcaption>Le phare avec sa led en guise de lanterne!<\/figcaption><\/figure><\/div>\n\n\n\n<p>Le document de synth\u00e8se est disponible en <a href=\"https:\/\/www.bernique.fr\/IGS\/wp-content\/uploads\/2020\/03\/phare_v1.0.pdf\" target=\"_blank\" rel=\"noreferrer noopener\" aria-label=\"PDF au bout de ce lie (opens in a new tab)\">PDF au bout de ce lie<\/a><a rel=\"noreferrer noopener\" href=\"https:\/\/www.bernique.fr\/IGS\/wp-content\/uploads\/2019\/12\/compteur_horaire_v0.pdf\" target=\"_blank\">n<\/a>.<\/p>\n","protected":false},"excerpt":{"rendered":"<p>Profitant de l\u2019occasion offerte par l\u2019anniversaire d\u2019un enfant, j\u2019avais r\u00e9alis\u00e9 une miniature d\u2019un phare maritime, sur la base d\u2019un corps<\/p>\n","protected":false},"author":1,"featured_media":0,"comment_status":"closed","ping_status":"open","sticky":false,"template":"","format":"standard","meta":{"colormag_page_container_layout":"default_layout","colormag_page_sidebar_layout":"default_layout","footnotes":""},"categories":[4],"tags":[24,51],"class_list":["post-89","post","type-post","status-publish","format-standard","hentry","category-electro-bidouilles","tag-attiny85","tag-itopie"],"_links":{"self":[{"href":"https:\/\/www.bernique.fr\/IGS\/wp-json\/wp\/v2\/posts\/89","targetHints":{"allow":["GET"]}}],"collection":[{"href":"https:\/\/www.bernique.fr\/IGS\/wp-json\/wp\/v2\/posts"}],"about":[{"href":"https:\/\/www.bernique.fr\/IGS\/wp-json\/wp\/v2\/types\/post"}],"author":[{"embeddable":true,"href":"https:\/\/www.bernique.fr\/IGS\/wp-json\/wp\/v2\/users\/1"}],"replies":[{"embeddable":true,"href":"https:\/\/www.bernique.fr\/IGS\/wp-json\/wp\/v2\/comments?post=89"}],"version-history":[{"count":3,"href":"https:\/\/www.bernique.fr\/IGS\/wp-json\/wp\/v2\/posts\/89\/revisions"}],"predecessor-version":[{"id":166,"href":"https:\/\/www.bernique.fr\/IGS\/wp-json\/wp\/v2\/posts\/89\/revisions\/166"}],"wp:attachment":[{"href":"https:\/\/www.bernique.fr\/IGS\/wp-json\/wp\/v2\/media?parent=89"}],"wp:term":[{"taxonomy":"category","embeddable":true,"href":"https:\/\/www.bernique.fr\/IGS\/wp-json\/wp\/v2\/categories?post=89"},{"taxonomy":"post_tag","embeddable":true,"href":"https:\/\/www.bernique.fr\/IGS\/wp-json\/wp\/v2\/tags?post=89"}],"curies":[{"name":"wp","href":"https:\/\/api.w.org\/{rel}","templated":true}]}}